{"id":4438,"date":"2025-07-06T17:28:13","date_gmt":"2025-07-06T15:28:13","guid":{"rendered":"http:\/\/www.psv-brilon.de\/wp\/?p=4438"},"modified":"2025-07-21T10:02:24","modified_gmt":"2025-07-21T08:02:24","slug":"juni-und-juli","status":"publish","type":"post","link":"http:\/\/www.psv-brilon.de\/wp\/2025\/07\/06\/juni-und-juli\/","title":{"rendered":"Juni und Juli"},"content":{"rendered":"<p style=\"text-align: justify;\"><span style=\"font-family: arial, helvetica, sans-serif; font-size: 10pt;\"><strong><a href=\"http:\/\/www.psv-brilon.de\/wp\/wp-content\/uploads\/2025\/07\/Hembsen.jpg\"><img loading=\"lazy\" decoding=\"async\" class=\"alignleft size-thumbnail wp-image-4442\" src=\"http:\/\/www.psv-brilon.de\/wp\/wp-content\/uploads\/2025\/07\/Hembsen-113x150.jpg\" alt=\"\" width=\"113\" height=\"150\" srcset=\"http:\/\/www.psv-brilon.de\/wp\/wp-content\/uploads\/2025\/07\/Hembsen-113x150.jpg 113w, http:\/\/www.psv-brilon.de\/wp\/wp-content\/uploads\/2025\/07\/Hembsen-225x300.jpg 225w, http:\/\/www.psv-brilon.de\/wp\/wp-content\/uploads\/2025\/07\/Hembsen-768x1024.jpg 768w, http:\/\/www.psv-brilon.de\/wp\/wp-content\/uploads\/2025\/07\/Hembsen-1152x1536.jpg 1152w, http:\/\/www.psv-brilon.de\/wp\/wp-content\/uploads\/2025\/07\/Hembsen.jpg 1500w\" sizes=\"auto, (max-width: 113px) 100vw, 113px\" \/><\/a>Joan<\/strong> und <strong>Turgay<\/strong> sind beim Hembser 3-D\u00f6rfer-Lauf gestartet und haben sich dort sehr gut pr\u00e4sentiert. Joan hatte sich f\u00fcr den 18 Km Lauf entschieden und erreichte auf der anspruchsvollen Strecke einen tollen 5. Platz von 90 Teilnehmern. Turgay musste sich auf der 10er Runde zum Schluss ganz sch\u00f6n strecken. Nach einem furiosen Schlussspurt konnte er mit nur 2 Sekunden Vorsprung den 3. Platz von 156 L\u00e4uferinnen und L\u00e4ufern verbuchen.\u00a0<\/span><\/p>\n<p style=\"text-align: justify;\"><span style=\"font-family: arial, helvetica, sans-serif; font-size: 10pt;\">Am 05. Juli hat sich <strong>Joan<\/strong> f\u00fcr den Bobbahn Run in Winterberg angemeldet. Dort l\u00e4uft man leicht wellige 5 Km durch den Wald und muss sich dann noch die Bobbahn hochqu\u00e4len. Allein die letzten 1,5 Km weisen 120 Hm auf! Mehr als 400 L\u00e4uferinnen und L\u00e4ufer haben dieses Jahr dort mitgemacht. Joan erreichte eine starken 14. Platz und bei der Sonderwertung &#8222;Bobbahnsprint&#8220; wurde er sogar Elfter. Herzlichen Gl\u00fcckwunsch.<br \/>\n<a href=\"http:\/\/www.psv-brilon.de\/wp\/wp-content\/uploads\/2025\/07\/Meerhof-2025-scaled.jpg\"><img loading=\"lazy\" decoding=\"async\" class=\"alignleft size-thumbnail wp-image-4437\" src=\"http:\/\/www.psv-brilon.de\/wp\/wp-content\/uploads\/2025\/07\/Meerhof-2025-150x107.jpg\" alt=\"\" width=\"150\" height=\"107\" srcset=\"http:\/\/www.psv-brilon.de\/wp\/wp-content\/uploads\/2025\/07\/Meerhof-2025-150x107.jpg 150w, http:\/\/www.psv-brilon.de\/wp\/wp-content\/uploads\/2025\/07\/Meerhof-2025-300x214.jpg 300w, http:\/\/www.psv-brilon.de\/wp\/wp-content\/uploads\/2025\/07\/Meerhof-2025-1024x732.jpg 1024w, http:\/\/www.psv-brilon.de\/wp\/wp-content\/uploads\/2025\/07\/Meerhof-2025-1536x1098.jpg 1536w, http:\/\/www.psv-brilon.de\/wp\/wp-content\/uploads\/2025\/07\/Meerhof-2025-2048x1464.jpg 2048w\" sizes=\"auto, (max-width: 150px) 100vw, 150px\" \/><\/a><\/span><span style=\"font-size: 10pt; font-family: arial, helvetica, sans-serif;\">Forsch begann <strong>Turgay<\/strong> bei hohen Temperaturen (26 Grad) den Lauf in Meerhof (28. Juni). Das Tempo konnte er bis zum Schluss durchziehen und er gewann den Lauf mit einer \u00e4hnlichen Zeit wie im Vorjahr.<br \/>\nAuch <strong>Uli<\/strong> versuchte sich mal wieder an einem 10er und kam als 7. von 73 L\u00e4ufern ins Ziel.<\/span><\/p>\n<p style=\"text-align: justify;\"><span style=\"font-size: 10pt; font-family: arial, helvetica, sans-serif;\">Beim Pfingstlauf in Kollerbeck war<strong> Turgay<\/strong> flott unterwegs. Leider verhinderten Seitenstiche zum Schluss den Sieg. Trotzdem wurde er noch starker Zweiter.<\/span><\/p>\n","protected":false},"excerpt":{"rendered":"<p>Joan und Turgay sind beim Hembser 3-D\u00f6rfer-Lauf gestartet und haben sich dort sehr gut pr\u00e4sentiert. Joan hatte sich f\u00fcr den 18 Km Lauf entschieden und erreichte auf der anspruchsvollen Strecke einen tollen 5. Platz von 90 Teilnehmern. Turgay musste sich &hellip; <a href=\"http:\/\/www.psv-brilon.de\/wp\/2025\/07\/06\/juni-und-juli\/\">Weiterlesen <span class=\"meta-nav\">&rarr;<\/span><\/a><\/p>\n","protected":false},"author":9,"featured_media":0,"comment_status":"closed","ping_status":"closed","sticky":false,"template":"","format":"standard","meta":{"footnotes":""},"categories":[3],"tags":[],"class_list":["post-4438","post","type-post","status-publish","format-standard","hentry","category-laufen"],"_links":{"self":[{"href":"http:\/\/www.psv-brilon.de\/wp\/wp-json\/wp\/v2\/posts\/4438","targetHints":{"allow":["GET"]}}],"collection":[{"href":"http:\/\/www.psv-brilon.de\/wp\/wp-json\/wp\/v2\/posts"}],"about":[{"href":"http:\/\/www.psv-brilon.de\/wp\/wp-json\/wp\/v2\/types\/post"}],"author":[{"embeddable":true,"href":"http:\/\/www.psv-brilon.de\/wp\/wp-json\/wp\/v2\/users\/9"}],"replies":[{"embeddable":true,"href":"http:\/\/www.psv-brilon.de\/wp\/wp-json\/wp\/v2\/comments?post=4438"}],"version-history":[{"count":4,"href":"http:\/\/www.psv-brilon.de\/wp\/wp-json\/wp\/v2\/posts\/4438\/revisions"}],"predecessor-version":[{"id":4444,"href":"http:\/\/www.psv-brilon.de\/wp\/wp-json\/wp\/v2\/posts\/4438\/revisions\/4444"}],"wp:attachment":[{"href":"http:\/\/www.psv-brilon.de\/wp\/wp-json\/wp\/v2\/media?parent=4438"}],"wp:term":[{"taxonomy":"category","embeddable":true,"href":"http:\/\/www.psv-brilon.de\/wp\/wp-json\/wp\/v2\/categories?post=4438"},{"taxonomy":"post_tag","embeddable":true,"href":"http:\/\/www.psv-brilon.de\/wp\/wp-json\/wp\/v2\/tags?post=4438"}],"curies":[{"name":"wp","href":"https:\/\/api.w.org\/{rel}","templated":true}]}}